{"id":8226,"date":"2024-02-15T11:38:49","date_gmt":"2024-02-15T11:38:49","guid":{"rendered":"https:\/\/izborenkodeksonline.mk\/?p=8226"},"modified":"2024-07-18T07:44:44","modified_gmt":"2024-07-18T07:44:44","slug":"qytetaret-mund-te-reagojne-ndaj-sjelljeve-ne-hapesiren-online-gjate-zgjedhjeve","status":"publish","type":"post","link":"https:\/\/izborenkodeksonline.mk\/sq\/qytetaret-mund-te-reagojne-ndaj-sjelljeve-ne-hapesiren-online-gjate-zgjedhjeve\/","title":{"rendered":"Qytetar\u00ebt mund t\u00eb reagojn\u00eb ndaj sjelljeve n\u00eb hap\u00ebsir\u00ebn online gjat\u00eb zgjedhjeve"},"content":{"rendered":"<p>Me shpalljen e Zgjedhjeve Parlamentare dhe Presidenciale 2024, filloi periudha e veprimit t\u00eb Trupit Koordinues p\u00ebr monitorimin e respektimit t\u00eb Kodit t\u00eb Sjelljes n\u00eb hap\u00ebsir\u00ebn online gjat\u00eb proceseve zgjedhore dhe referendumeve.<\/p>\n<p>Trupi koordinues do t\u00eb veproj\u00eb pas parashtresave n\u00eb lidhje me shkelje t\u00eb mundshme t\u00eb Kodit nga partit\u00eb politike, kandidat\u00ebt e tyre, kandidat\u00ebt e pavarur, edicionet n\u00eb internet t\u00eb transmetuesve, mediat online, kontrolluesit e fakteve, ndikuesit dhe subjektet e tjera q\u00eb mund t\u00eb ndikojn\u00eb mbi publikun n\u00eb funksion t\u00eb fushat\u00ebs gjat\u00eb zgjedhjeve ose referendumeve.<\/p>\n<p>Parashtresa mund t\u00eb d\u00ebrgojn\u00eb t\u00eb gjith\u00eb qytetar\u00ebt dhe personat juridik\u00eb n\u00eb adres\u00ebn e e-mail: <a href=\"mailto:koordinativnotelozaizbori@avmu.mk.\">koordinativnotelozaizbori@avmu.mk.<\/a> Parashtresat mund t&#8217;i referohen shp\u00ebrndarjes s\u00eb dezinformatave (informacione t\u00eb pasakta, jo t\u00eb plota, t\u00eb rreme ose keqdash\u00ebse), gjuh\u00ebs s\u00eb urrejtjes dhe diskriminimit mbi \u00e7do baz\u00eb, mosrespektimit t\u00eb rregullave dhe standardeve p\u00ebr mbrojtjen e t\u00eb dh\u00ebnave personale, si dhe formave t\u00eb tjera t\u00eb sjelljes joetike n\u00eb internet.<\/p>\n<p>Trupi koordinues p\u00ebrb\u00ebhet nga p\u00ebrfaq\u00ebsues t\u00eb: Shoqat\u00ebs s\u00eb Gazetar\u00ebve t\u00eb Maqedonis\u00eb, Institutit Maqedonas p\u00ebr Media, K\u00ebshillit p\u00ebr Etik\u00eb n\u00eb Media n\u00eb Maqedoni, Institutit p\u00ebr Studime t\u00eb Komunikimit, Fondacionit &#8220;Metamorfozis&#8221; dhe Agjencis\u00eb p\u00ebr Sh\u00ebrbime Mediatike Audio dhe Audiovizuele.<\/p>\n<p>Deri m\u00eb tani, i jan\u00eb bashkuar Kodit tri parti politike (E majta, Partia Demokratike Evropiane dhe Partia e Pensionist\u00ebve) dhe 14 organizata mediatike (TV Koha, TV Tera, TV Due, TV Ko\u00e7ani LD, TV Spektra, Radio Bleta, Radio Ko\u00e7ani, Radio Vati, Sport1, 4Njuz, Ekipa, Radovish Njuz, Portalb dhe 360 Grad\u00eb). Trupi koordinues fton t\u00eb gjitha subjektet t\u00eb cilave u referohet Kodi, sa m\u00eb shpejt t\u00eb jet\u00eb e mundur t\u00eb ken\u00eb qasje n\u00eb t\u00eb dhe rikujton se p\u00ebrve\u00e7 pas parashtresave, do t\u00eb reagoj\u00eb publikisht dhe p\u00ebr pyetje me \u00a0interes t\u00eb gjer\u00eb publik, si dhe p\u00ebr \u00e7\u00ebshtje q\u00eb lidhen me mediat dhe me t\u00eb gjith\u00eb pjes\u00ebmarr\u00ebsit n\u00eb hap\u00ebsirat &#8211; online gjat\u00eb procesit zgjedhor.<\/p>\n<p>P\u00ebr koordinator t\u00eb k\u00ebtij trupi u zgjodh Sashe Dimovski nga Shoqata e Gazetar\u00ebve t\u00eb Maqedonis\u00eb, nd\u00ebrsa z\u00ebvend\u00ebs koordinatore Olivera Vojnovska nga Fondacioni Metamorfozis.<\/p>\n<p>&nbsp;<\/p>\n","protected":false},"excerpt":{"rendered":"<p>Me shpalljen e Zgjedhjeve Parlamentare dhe Presidenciale 2024, filloi periudha e veprimit t\u00eb Trupit Koordinues p\u00ebr monitorimin e respektimit t\u00eb Kodit t\u00eb Sjelljes n\u00eb hap\u00ebsir\u00ebn online gjat\u00eb proceseve zgjedhore dhe referendumeve. Trupi koordinues do t\u00eb veproj\u00eb pas parashtresave n\u00eb lidhje me shkelje t\u00eb mundshme t\u00eb Kodit nga partit\u00eb politike, kandidat\u00ebt e tyre, kandidat\u00ebt e pavarur,<\/p>\n","protected":false},"author":3,"featured_media":8362,"comment_status":"open","ping_status":"open","sticky":false,"template":"","format":"standard","meta":{"footnotes":""},"categories":[44],"tags":[],"class_list":{"0":"post-8226","1":"post","2":"type-post","3":"status-publish","4":"format-standard","5":"has-post-thumbnail","7":"category-vesti-al"},"yoast_head":"<!-- This site is optimized with the Yoast SEO plugin v26.2 - https:\/\/yoast.com\/wordpress\/plugins\/seo\/ -->\n<title>Qytetar\u00ebt mund t\u00eb reagojn\u00eb ndaj sjelljeve n\u00eb hap\u00ebsir\u00ebn online gjat\u00eb zgjedhjeve - \u0418\u0437\u0431\u043e\u0440\u0435\u043d \u041a\u043e\u0434\u0435\u043a\u0441<\/title>\n<meta name=\"robots\" content=\"index, follow, max-snippet:-1, max-image-preview:large, max-video-preview:-1\" \/>\n<link rel=\"canonical\" href=\"https:\/\/izborenkodeksonline.mk\/sq\/qytetaret-mund-te-reagojne-ndaj-sjelljeve-ne-hapesiren-online-gjate-zgjedhjeve\/\" \/>\n<meta property=\"og:locale\" content=\"sq_AL\" \/>\n<meta property=\"og:type\" content=\"article\" \/>\n<meta property=\"og:title\" content=\"Qytetar\u00ebt mund t\u00eb reagojn\u00eb ndaj sjelljeve n\u00eb hap\u00ebsir\u00ebn online gjat\u00eb zgjedhjeve - \u0418\u0437\u0431\u043e\u0440\u0435\u043d \u041a\u043e\u0434\u0435\u043a\u0441\" \/>\n<meta property=\"og:description\" content=\"Me shpalljen e Zgjedhjeve Parlamentare dhe Presidenciale 2024, filloi periudha e veprimit t\u00eb Trupit Koordinues p\u00ebr monitorimin e respektimit t\u00eb Kodit t\u00eb Sjelljes n\u00eb hap\u00ebsir\u00ebn online gjat\u00eb proceseve zgjedhore dhe referendumeve. Trupi koordinues do t\u00eb veproj\u00eb pas parashtresave n\u00eb lidhje me shkelje t\u00eb mundshme t\u00eb Kodit nga partit\u00eb politike, kandidat\u00ebt e tyre, kandidat\u00ebt e pavarur,\" \/>\n<meta property=\"og:url\" content=\"https:\/\/izborenkodeksonline.mk\/sq\/qytetaret-mund-te-reagojne-ndaj-sjelljeve-ne-hapesiren-online-gjate-zgjedhjeve\/\" \/>\n<meta property=\"og:site_name\" content=\"\u0418\u0437\u0431\u043e\u0440\u0435\u043d \u041a\u043e\u0434\u0435\u043a\u0441\" \/>\n<meta property=\"article:publisher\" content=\"https:\/\/www.facebook.com\/profile.php?id=61580047805885\" \/>\n<meta property=\"article:published_time\" content=\"2024-02-15T11:38:49+00:00\" \/>\n<meta property=\"article:modified_time\" content=\"2024-07-18T07:44:44+00:00\" \/>\n<meta property=\"og:image\" content=\"https:\/\/izborenkodeksonline.mk\/wp-content\/uploads\/2024\/02\/\u0421\u043b\u0438\u043a\u0430-1-2.jpg\" \/>\n\t<meta property=\"og:image:width\" content=\"900\" \/>\n\t<meta property=\"og:image:height\" content=\"600\" \/>\n\t<meta property=\"og:image:type\" content=\"image\/jpeg\" \/>\n<meta name=\"author\" content=\"Jeton Ismaili\" \/>\n<meta name=\"twitter:card\" content=\"summary_large_image\" \/>\n<meta name=\"twitter:label1\" content=\"Written by\" \/>\n\t<meta name=\"twitter:data1\" content=\"Jeton Ismaili\" \/>\n\t<meta name=\"twitter:label2\" content=\"Est. reading time\" \/>\n\t<meta name=\"twitter:data2\" content=\"2 minutes\" \/>\n<script type=\"application\/ld+json\" class=\"yoast-schema-graph\">{\"@context\":\"https:\/\/schema.org\",\"@graph\":[{\"@type\":\"Article\",\"@id\":\"https:\/\/izborenkodeksonline.mk\/sq\/qytetaret-mund-te-reagojne-ndaj-sjelljeve-ne-hapesiren-online-gjate-zgjedhjeve\/#article\",\"isPartOf\":{\"@id\":\"https:\/\/izborenkodeksonline.mk\/sq\/qytetaret-mund-te-reagojne-ndaj-sjelljeve-ne-hapesiren-online-gjate-zgjedhjeve\/\"},\"author\":{\"name\":\"Jeton Ismaili\",\"@id\":\"https:\/\/izborenkodeksonline.mk\/#\/schema\/person\/4bde2fe3832baca31c6cf32a4cb02eff\"},\"headline\":\"Qytetar\u00ebt mund t\u00eb reagojn\u00eb ndaj sjelljeve n\u00eb hap\u00ebsir\u00ebn online gjat\u00eb zgjedhjeve\",\"datePublished\":\"2024-02-15T11:38:49+00:00\",\"dateModified\":\"2024-07-18T07:44:44+00:00\",\"mainEntityOfPage\":{\"@id\":\"https:\/\/izborenkodeksonline.mk\/sq\/qytetaret-mund-te-reagojne-ndaj-sjelljeve-ne-hapesiren-online-gjate-zgjedhjeve\/\"},\"wordCount\":370,\"commentCount\":0,\"publisher\":{\"@id\":\"https:\/\/izborenkodeksonline.mk\/#organization\"},\"image\":{\"@id\":\"https:\/\/izborenkodeksonline.mk\/sq\/qytetaret-mund-te-reagojne-ndaj-sjelljeve-ne-hapesiren-online-gjate-zgjedhjeve\/#primaryimage\"},\"thumbnailUrl\":\"https:\/\/izborenkodeksonline.mk\/wp-content\/uploads\/2024\/02\/\u0421\u043b\u0438\u043a\u0430-1-2.jpg\",\"articleSection\":[\"\u0412\u0435\u0441\u0442\u0438 \u0410\u041b\"],\"inLanguage\":\"sq-AL\",\"potentialAction\":[{\"@type\":\"CommentAction\",\"name\":\"Comment\",\"target\":[\"https:\/\/izborenkodeksonline.mk\/sq\/qytetaret-mund-te-reagojne-ndaj-sjelljeve-ne-hapesiren-online-gjate-zgjedhjeve\/#respond\"]}]},{\"@type\":\"WebPage\",\"@id\":\"https:\/\/izborenkodeksonline.mk\/sq\/qytetaret-mund-te-reagojne-ndaj-sjelljeve-ne-hapesiren-online-gjate-zgjedhjeve\/\",\"url\":\"https:\/\/izborenkodeksonline.mk\/sq\/qytetaret-mund-te-reagojne-ndaj-sjelljeve-ne-hapesiren-online-gjate-zgjedhjeve\/\",\"name\":\"Qytetar\u00ebt mund t\u00eb reagojn\u00eb ndaj sjelljeve n\u00eb hap\u00ebsir\u00ebn online gjat\u00eb zgjedhjeve - \u0418\u0437\u0431\u043e\u0440\u0435\u043d \u041a\u043e\u0434\u0435\u043a\u0441\",\"isPartOf\":{\"@id\":\"https:\/\/izborenkodeksonline.mk\/#website\"},\"primaryImageOfPage\":{\"@id\":\"https:\/\/izborenkodeksonline.mk\/sq\/qytetaret-mund-te-reagojne-ndaj-sjelljeve-ne-hapesiren-online-gjate-zgjedhjeve\/#primaryimage\"},\"image\":{\"@id\":\"https:\/\/izborenkodeksonline.mk\/sq\/qytetaret-mund-te-reagojne-ndaj-sjelljeve-ne-hapesiren-online-gjate-zgjedhjeve\/#primaryimage\"},\"thumbnailUrl\":\"https:\/\/izborenkodeksonline.mk\/wp-content\/uploads\/2024\/02\/\u0421\u043b\u0438\u043a\u0430-1-2.jpg\",\"datePublished\":\"2024-02-15T11:38:49+00:00\",\"dateModified\":\"2024-07-18T07:44:44+00:00\",\"breadcrumb\":{\"@id\":\"https:\/\/izborenkodeksonline.mk\/sq\/qytetaret-mund-te-reagojne-ndaj-sjelljeve-ne-hapesiren-online-gjate-zgjedhjeve\/#breadcrumb\"},\"inLanguage\":\"sq-AL\",\"potentialAction\":[{\"@type\":\"ReadAction\",\"target\":[\"https:\/\/izborenkodeksonline.mk\/sq\/qytetaret-mund-te-reagojne-ndaj-sjelljeve-ne-hapesiren-online-gjate-zgjedhjeve\/\"]}]},{\"@type\":\"ImageObject\",\"inLanguage\":\"sq-AL\",\"@id\":\"https:\/\/izborenkodeksonline.mk\/sq\/qytetaret-mund-te-reagojne-ndaj-sjelljeve-ne-hapesiren-online-gjate-zgjedhjeve\/#primaryimage\",\"url\":\"https:\/\/izborenkodeksonline.mk\/wp-content\/uploads\/2024\/02\/\u0421\u043b\u0438\u043a\u0430-1-2.jpg\",\"contentUrl\":\"https:\/\/izborenkodeksonline.mk\/wp-content\/uploads\/2024\/02\/\u0421\u043b\u0438\u043a\u0430-1-2.jpg\",\"width\":900,\"height\":600},{\"@type\":\"BreadcrumbList\",\"@id\":\"https:\/\/izborenkodeksonline.mk\/sq\/qytetaret-mund-te-reagojne-ndaj-sjelljeve-ne-hapesiren-online-gjate-zgjedhjeve\/#breadcrumb\",\"itemListElement\":[{\"@type\":\"ListItem\",\"position\":1,\"name\":\"Home\",\"item\":\"https:\/\/izborenkodeksonline.mk\/sq\/homepage\/\"},{\"@type\":\"ListItem\",\"position\":2,\"name\":\"Qytetar\u00ebt mund t\u00eb reagojn\u00eb ndaj sjelljeve n\u00eb hap\u00ebsir\u00ebn online gjat\u00eb zgjedhjeve\"}]},{\"@type\":\"WebSite\",\"@id\":\"https:\/\/izborenkodeksonline.mk\/#website\",\"url\":\"https:\/\/izborenkodeksonline.mk\/\",\"name\":\"\u0418\u0437\u0431\u043e\u0440\u0435\u043d \u041a\u043e\u0434\u0435\u043a\u0441\",\"description\":\"\u041e\u043d\u043b\u0438\u043d\u0435\",\"publisher\":{\"@id\":\"https:\/\/izborenkodeksonline.mk\/#organization\"},\"potentialAction\":[{\"@type\":\"SearchAction\",\"target\":{\"@type\":\"EntryPoint\",\"urlTemplate\":\"https:\/\/izborenkodeksonline.mk\/?s={search_term_string}\"},\"query-input\":{\"@type\":\"PropertyValueSpecification\",\"valueRequired\":true,\"valueName\":\"search_term_string\"}}],\"inLanguage\":\"sq-AL\"},{\"@type\":\"Organization\",\"@id\":\"https:\/\/izborenkodeksonline.mk\/#organization\",\"name\":\"\u0418\u0437\u0431\u043e\u0440\u0435\u043d \u041a\u043e\u0434\u0435\u043a\u0441\",\"url\":\"https:\/\/izborenkodeksonline.mk\/\",\"logo\":{\"@type\":\"ImageObject\",\"inLanguage\":\"sq-AL\",\"@id\":\"https:\/\/izborenkodeksonline.mk\/#\/schema\/logo\/image\/\",\"url\":\"https:\/\/izborenkodeksonline.mk\/wp-content\/uploads\/2023\/10\/cropped-ik_logo_mk2.png\",\"contentUrl\":\"https:\/\/izborenkodeksonline.mk\/wp-content\/uploads\/2023\/10\/cropped-ik_logo_mk2.png\",\"width\":512,\"height\":512,\"caption\":\"\u0418\u0437\u0431\u043e\u0440\u0435\u043d \u041a\u043e\u0434\u0435\u043a\u0441\"},\"image\":{\"@id\":\"https:\/\/izborenkodeksonline.mk\/#\/schema\/logo\/image\/\"},\"sameAs\":[\"https:\/\/www.facebook.com\/profile.php?id=61580047805885\",\"https:\/\/www.instagram.com\/izborenkodeksonline.mk\/\"]},{\"@type\":\"Person\",\"@id\":\"https:\/\/izborenkodeksonline.mk\/#\/schema\/person\/4bde2fe3832baca31c6cf32a4cb02eff\",\"name\":\"Jeton Ismaili\",\"image\":{\"@type\":\"ImageObject\",\"inLanguage\":\"sq-AL\",\"@id\":\"https:\/\/izborenkodeksonline.mk\/#\/schema\/person\/image\/\",\"url\":\"https:\/\/secure.gravatar.com\/avatar\/070d136ac219c98e0e2781920aa8a9c8d001c8356e0b913f5ff48526cc73c74a?s=96&d=mm&r=g\",\"contentUrl\":\"https:\/\/secure.gravatar.com\/avatar\/070d136ac219c98e0e2781920aa8a9c8d001c8356e0b913f5ff48526cc73c74a?s=96&d=mm&r=g\",\"caption\":\"Jeton Ismaili\"},\"url\":\"https:\/\/izborenkodeksonline.mk\/sq\/author\/jeton\/\"}]}<\/script>\n<!-- \/ Yoast SEO plugin. -->","yoast_head_json":{"title":"Qytetar\u00ebt mund t\u00eb reagojn\u00eb ndaj sjelljeve n\u00eb hap\u00ebsir\u00ebn online gjat\u00eb zgjedhjeve - \u0418\u0437\u0431\u043e\u0440\u0435\u043d \u041a\u043e\u0434\u0435\u043a\u0441","robots":{"index":"index","follow":"follow","max-snippet":"max-snippet:-1","max-image-preview":"max-image-preview:large","max-video-preview":"max-video-preview:-1"},"canonical":"https:\/\/izborenkodeksonline.mk\/sq\/qytetaret-mund-te-reagojne-ndaj-sjelljeve-ne-hapesiren-online-gjate-zgjedhjeve\/","og_locale":"sq_AL","og_type":"article","og_title":"Qytetar\u00ebt mund t\u00eb reagojn\u00eb ndaj sjelljeve n\u00eb hap\u00ebsir\u00ebn online gjat\u00eb zgjedhjeve - \u0418\u0437\u0431\u043e\u0440\u0435\u043d \u041a\u043e\u0434\u0435\u043a\u0441","og_description":"Me shpalljen e Zgjedhjeve Parlamentare dhe Presidenciale 2024, filloi periudha e veprimit t\u00eb Trupit Koordinues p\u00ebr monitorimin e respektimit t\u00eb Kodit t\u00eb Sjelljes n\u00eb hap\u00ebsir\u00ebn online gjat\u00eb proceseve zgjedhore dhe referendumeve. Trupi koordinues do t\u00eb veproj\u00eb pas parashtresave n\u00eb lidhje me shkelje t\u00eb mundshme t\u00eb Kodit nga partit\u00eb politike, kandidat\u00ebt e tyre, kandidat\u00ebt e pavarur,","og_url":"https:\/\/izborenkodeksonline.mk\/sq\/qytetaret-mund-te-reagojne-ndaj-sjelljeve-ne-hapesiren-online-gjate-zgjedhjeve\/","og_site_name":"\u0418\u0437\u0431\u043e\u0440\u0435\u043d \u041a\u043e\u0434\u0435\u043a\u0441","article_publisher":"https:\/\/www.facebook.com\/profile.php?id=61580047805885","article_published_time":"2024-02-15T11:38:49+00:00","article_modified_time":"2024-07-18T07:44:44+00:00","og_image":[{"width":900,"height":600,"url":"https:\/\/izborenkodeksonline.mk\/wp-content\/uploads\/2024\/02\/\u0421\u043b\u0438\u043a\u0430-1-2.jpg","type":"image\/jpeg"}],"author":"Jeton Ismaili","twitter_card":"summary_large_image","twitter_misc":{"Written by":"Jeton Ismaili","Est. reading time":"2 minutes"},"schema":{"@context":"https:\/\/schema.org","@graph":[{"@type":"Article","@id":"https:\/\/izborenkodeksonline.mk\/sq\/qytetaret-mund-te-reagojne-ndaj-sjelljeve-ne-hapesiren-online-gjate-zgjedhjeve\/#article","isPartOf":{"@id":"https:\/\/izborenkodeksonline.mk\/sq\/qytetaret-mund-te-reagojne-ndaj-sjelljeve-ne-hapesiren-online-gjate-zgjedhjeve\/"},"author":{"name":"Jeton Ismaili","@id":"https:\/\/izborenkodeksonline.mk\/#\/schema\/person\/4bde2fe3832baca31c6cf32a4cb02eff"},"headline":"Qytetar\u00ebt mund t\u00eb reagojn\u00eb ndaj sjelljeve n\u00eb hap\u00ebsir\u00ebn online gjat\u00eb zgjedhjeve","datePublished":"2024-02-15T11:38:49+00:00","dateModified":"2024-07-18T07:44:44+00:00","mainEntityOfPage":{"@id":"https:\/\/izborenkodeksonline.mk\/sq\/qytetaret-mund-te-reagojne-ndaj-sjelljeve-ne-hapesiren-online-gjate-zgjedhjeve\/"},"wordCount":370,"commentCount":0,"publisher":{"@id":"https:\/\/izborenkodeksonline.mk\/#organization"},"image":{"@id":"https:\/\/izborenkodeksonline.mk\/sq\/qytetaret-mund-te-reagojne-ndaj-sjelljeve-ne-hapesiren-online-gjate-zgjedhjeve\/#primaryimage"},"thumbnailUrl":"https:\/\/izborenkodeksonline.mk\/wp-content\/uploads\/2024\/02\/\u0421\u043b\u0438\u043a\u0430-1-2.jpg","articleSection":["\u0412\u0435\u0441\u0442\u0438 \u0410\u041b"],"inLanguage":"sq-AL","potentialAction":[{"@type":"CommentAction","name":"Comment","target":["https:\/\/izborenkodeksonline.mk\/sq\/qytetaret-mund-te-reagojne-ndaj-sjelljeve-ne-hapesiren-online-gjate-zgjedhjeve\/#respond"]}]},{"@type":"WebPage","@id":"https:\/\/izborenkodeksonline.mk\/sq\/qytetaret-mund-te-reagojne-ndaj-sjelljeve-ne-hapesiren-online-gjate-zgjedhjeve\/","url":"https:\/\/izborenkodeksonline.mk\/sq\/qytetaret-mund-te-reagojne-ndaj-sjelljeve-ne-hapesiren-online-gjate-zgjedhjeve\/","name":"Qytetar\u00ebt mund t\u00eb reagojn\u00eb ndaj sjelljeve n\u00eb hap\u00ebsir\u00ebn online gjat\u00eb zgjedhjeve - \u0418\u0437\u0431\u043e\u0440\u0435\u043d \u041a\u043e\u0434\u0435\u043a\u0441","isPartOf":{"@id":"https:\/\/izborenkodeksonline.mk\/#website"},"primaryImageOfPage":{"@id":"https:\/\/izborenkodeksonline.mk\/sq\/qytetaret-mund-te-reagojne-ndaj-sjelljeve-ne-hapesiren-online-gjate-zgjedhjeve\/#primaryimage"},"image":{"@id":"https:\/\/izborenkodeksonline.mk\/sq\/qytetaret-mund-te-reagojne-ndaj-sjelljeve-ne-hapesiren-online-gjate-zgjedhjeve\/#primaryimage"},"thumbnailUrl":"https:\/\/izborenkodeksonline.mk\/wp-content\/uploads\/2024\/02\/\u0421\u043b\u0438\u043a\u0430-1-2.jpg","datePublished":"2024-02-15T11:38:49+00:00","dateModified":"2024-07-18T07:44:44+00:00","breadcrumb":{"@id":"https:\/\/izborenkodeksonline.mk\/sq\/qytetaret-mund-te-reagojne-ndaj-sjelljeve-ne-hapesiren-online-gjate-zgjedhjeve\/#breadcrumb"},"inLanguage":"sq-AL","potentialAction":[{"@type":"ReadAction","target":["https:\/\/izborenkodeksonline.mk\/sq\/qytetaret-mund-te-reagojne-ndaj-sjelljeve-ne-hapesiren-online-gjate-zgjedhjeve\/"]}]},{"@type":"ImageObject","inLanguage":"sq-AL","@id":"https:\/\/izborenkodeksonline.mk\/sq\/qytetaret-mund-te-reagojne-ndaj-sjelljeve-ne-hapesiren-online-gjate-zgjedhjeve\/#primaryimage","url":"https:\/\/izborenkodeksonline.mk\/wp-content\/uploads\/2024\/02\/\u0421\u043b\u0438\u043a\u0430-1-2.jpg","contentUrl":"https:\/\/izborenkodeksonline.mk\/wp-content\/uploads\/2024\/02\/\u0421\u043b\u0438\u043a\u0430-1-2.jpg","width":900,"height":600},{"@type":"BreadcrumbList","@id":"https:\/\/izborenkodeksonline.mk\/sq\/qytetaret-mund-te-reagojne-ndaj-sjelljeve-ne-hapesiren-online-gjate-zgjedhjeve\/#breadcrumb","itemListElement":[{"@type":"ListItem","position":1,"name":"Home","item":"https:\/\/izborenkodeksonline.mk\/sq\/homepage\/"},{"@type":"ListItem","position":2,"name":"Qytetar\u00ebt mund t\u00eb reagojn\u00eb ndaj sjelljeve n\u00eb hap\u00ebsir\u00ebn online gjat\u00eb zgjedhjeve"}]},{"@type":"WebSite","@id":"https:\/\/izborenkodeksonline.mk\/#website","url":"https:\/\/izborenkodeksonline.mk\/","name":"\u0418\u0437\u0431\u043e\u0440\u0435\u043d \u041a\u043e\u0434\u0435\u043a\u0441","description":"\u041e\u043d\u043b\u0438\u043d\u0435","publisher":{"@id":"https:\/\/izborenkodeksonline.mk\/#organization"},"potentialAction":[{"@type":"SearchAction","target":{"@type":"EntryPoint","urlTemplate":"https:\/\/izborenkodeksonline.mk\/?s={search_term_string}"},"query-input":{"@type":"PropertyValueSpecification","valueRequired":true,"valueName":"search_term_string"}}],"inLanguage":"sq-AL"},{"@type":"Organization","@id":"https:\/\/izborenkodeksonline.mk\/#organization","name":"\u0418\u0437\u0431\u043e\u0440\u0435\u043d \u041a\u043e\u0434\u0435\u043a\u0441","url":"https:\/\/izborenkodeksonline.mk\/","logo":{"@type":"ImageObject","inLanguage":"sq-AL","@id":"https:\/\/izborenkodeksonline.mk\/#\/schema\/logo\/image\/","url":"https:\/\/izborenkodeksonline.mk\/wp-content\/uploads\/2023\/10\/cropped-ik_logo_mk2.png","contentUrl":"https:\/\/izborenkodeksonline.mk\/wp-content\/uploads\/2023\/10\/cropped-ik_logo_mk2.png","width":512,"height":512,"caption":"\u0418\u0437\u0431\u043e\u0440\u0435\u043d \u041a\u043e\u0434\u0435\u043a\u0441"},"image":{"@id":"https:\/\/izborenkodeksonline.mk\/#\/schema\/logo\/image\/"},"sameAs":["https:\/\/www.facebook.com\/profile.php?id=61580047805885","https:\/\/www.instagram.com\/izborenkodeksonline.mk\/"]},{"@type":"Person","@id":"https:\/\/izborenkodeksonline.mk\/#\/schema\/person\/4bde2fe3832baca31c6cf32a4cb02eff","name":"Jeton Ismaili","image":{"@type":"ImageObject","inLanguage":"sq-AL","@id":"https:\/\/izborenkodeksonline.mk\/#\/schema\/person\/image\/","url":"https:\/\/secure.gravatar.com\/avatar\/070d136ac219c98e0e2781920aa8a9c8d001c8356e0b913f5ff48526cc73c74a?s=96&d=mm&r=g","contentUrl":"https:\/\/secure.gravatar.com\/avatar\/070d136ac219c98e0e2781920aa8a9c8d001c8356e0b913f5ff48526cc73c74a?s=96&d=mm&r=g","caption":"Jeton Ismaili"},"url":"https:\/\/izborenkodeksonline.mk\/sq\/author\/jeton\/"}]}},"_links":{"self":[{"href":"https:\/\/izborenkodeksonline.mk\/sq\/wp-json\/wp\/v2\/posts\/8226","targetHints":{"allow":["GET"]}}],"collection":[{"href":"https:\/\/izborenkodeksonline.mk\/sq\/wp-json\/wp\/v2\/posts"}],"about":[{"href":"https:\/\/izborenkodeksonline.mk\/sq\/wp-json\/wp\/v2\/types\/post"}],"author":[{"embeddable":true,"href":"https:\/\/izborenkodeksonline.mk\/sq\/wp-json\/wp\/v2\/users\/3"}],"replies":[{"embeddable":true,"href":"https:\/\/izborenkodeksonline.mk\/sq\/wp-json\/wp\/v2\/comments?post=8226"}],"version-history":[{"count":3,"href":"https:\/\/izborenkodeksonline.mk\/sq\/wp-json\/wp\/v2\/posts\/8226\/revisions"}],"predecessor-version":[{"id":8437,"href":"https:\/\/izborenkodeksonline.mk\/sq\/wp-json\/wp\/v2\/posts\/8226\/revisions\/8437"}],"wp:featuredmedia":[{"embeddable":true,"href":"https:\/\/izborenkodeksonline.mk\/sq\/wp-json\/wp\/v2\/media\/8362"}],"wp:attachment":[{"href":"https:\/\/izborenkodeksonline.mk\/sq\/wp-json\/wp\/v2\/media?parent=8226"}],"wp:term":[{"taxonomy":"category","embeddable":true,"href":"https:\/\/izborenkodeksonline.mk\/sq\/wp-json\/wp\/v2\/categories?post=8226"},{"taxonomy":"post_tag","embeddable":true,"href":"https:\/\/izborenkodeksonline.mk\/sq\/wp-json\/wp\/v2\/tags?post=8226"}],"curies":[{"name":"wp","href":"https:\/\/api.w.org\/{rel}","templated":true}]}}